{"id":780,"date":"2025-04-10T14:14:11","date_gmt":"2025-04-10T17:14:11","guid":{"rendered":"https:\/\/blog.supersoft.com.br\/?p=780"},"modified":"2025-04-10T14:14:11","modified_gmt":"2025-04-10T17:14:11","slug":"cadastro-de-emprestimo-consignado-o-que-muda-com-a-mp-no-1-292-2025-e-o-que-o-contador-precisa-fazer","status":"publish","type":"post","link":"https:\/\/blog.supersoft.com.br\/index.php\/2025\/04\/10\/cadastro-de-emprestimo-consignado-o-que-muda-com-a-mp-no-1-292-2025-e-o-que-o-contador-precisa-fazer\/","title":{"rendered":"Cadastro de Empr\u00e9stimo Consignado \u2013 O que muda com a MP n\u00ba 1.292\/2025 e o que o contador precisa fazer"},"content":{"rendered":"\n<p>No in\u00edcio de abril, o Governo Federal publicou a <strong>Medida Provis\u00f3ria n\u00ba 1.292\/2025<\/strong>, trazendo mudan\u00e7as importantes sobre o <strong>cadastro de empr\u00e9stimos consignados<\/strong> para empregados da iniciativa privada. A MP afeta diretamente as rotinas cont\u00e1beis e de folha de pagamento, e os contadores devem estar atentos aos novos procedimentos exigidos.<\/p>\n\n\n\n<h4 class=\"wp-block-heading\"><strong>O que diz a MP 1.292\/2025?<\/strong><\/h4>\n\n\n\n<p>A medida estabelece novas regras para o <strong>controle, autoriza\u00e7\u00e3o e registro de empr\u00e9stimos consignados<\/strong> diretamente na folha de pagamento, com o objetivo de dar mais transpar\u00eancia e seguran\u00e7a \u00e0s opera\u00e7\u00f5es. Agora, empregadores dever\u00e3o seguir crit\u00e9rios mais r\u00edgidos para registrar e descontar os valores diretamente do sal\u00e1rio do colaborador.<\/p>\n\n\n\n<p>Entre os principais pontos est\u00e3o:<\/p>\n\n\n\n<ul>\n<li>Obrigatoriedade de <strong>cadastro pr\u00e9vio da institui\u00e7\u00e3o financeira<\/strong> junto ao empregador;<\/li>\n\n\n\n<li>Necessidade de <strong>autoriza\u00e7\u00e3o expressa do empregado<\/strong> para cada opera\u00e7\u00e3o;<\/li>\n\n\n\n<li>Cria\u00e7\u00e3o de um <strong>registro digital unificado<\/strong> das opera\u00e7\u00f5es de consignado (em <a href=\"https:\/\/www.supersoft.com.br\/\">sistema<\/a> que ser\u00e1 disponibilizado pelo Governo Federal);<\/li>\n\n\n\n<li>Responsabiliza\u00e7\u00e3o do empregador pelo <strong>controle dos limites legais de consigna\u00e7\u00e3o<\/strong>.<\/li>\n<\/ul>\n\n\n\n<hr class=\"wp-block-separator has-alpha-channel-opacity\"\/>\n\n\n\n<h3 class=\"wp-block-heading\"><strong>E para o contador, o que muda na pr\u00e1tica?<\/strong><\/h3>\n\n\n\n<p>A MP impacta diretamente o trabalho dos contadores, especialmente os que gerenciam a folha de pagamento e prestam assessoria trabalhista a empresas. Veja abaixo os principais cuidados que os contadores devem ter:<\/p>\n\n\n\n<h4 class=\"wp-block-heading\">\u2705 1. <strong>Revisar os contratos com institui\u00e7\u00f5es financeiras<\/strong><\/h4>\n\n\n\n<ul>\n<li>Verifique se os bancos e financeiras que oferecem cr\u00e9dito consignado aos colaboradores est\u00e3o <strong>regularmente cadastrados<\/strong> junto ao empregador;<\/li>\n\n\n\n<li>Oriente o empregador a formalizar esse cadastro.<\/li>\n<\/ul>\n\n\n\n<h4 class=\"wp-block-heading\">\u2705 2. <strong>Garantir que haja autoriza\u00e7\u00e3o expressa<\/strong><\/h4>\n\n\n\n<ul>\n<li>A autoriza\u00e7\u00e3o do colaborador para o empr\u00e9stimo dever\u00e1 ser <strong>documentada e arquivada<\/strong>;<\/li>\n\n\n\n<li>Sempre que houver novo contrato ou refinanciamento, a autoriza\u00e7\u00e3o dever\u00e1 ser renovada.<\/li>\n<\/ul>\n\n\n\n<h4 class=\"wp-block-heading\">\u2705 3. <strong>Controlar os limites de desconto<\/strong><\/h4>\n\n\n\n<ul>\n<li>O contador deve manter aten\u00e7\u00e3o aos <strong>limites m\u00e1ximos de consigna\u00e7\u00e3o permitidos por lei<\/strong> (geralmente at\u00e9 35% da remunera\u00e7\u00e3o l\u00edquida, incluindo margem social e cart\u00e3o consignado);<\/li>\n\n\n\n<li>Evite que m\u00faltiplas opera\u00e7\u00f5es ultrapassem o teto legal.<\/li>\n<\/ul>\n\n\n\n<h4 class=\"wp-block-heading\">\u2705 4. <strong>Integrar <a href=\"https:\/\/www.supersoft.com.br\/\">sistemas de folha<\/a> ao novo cadastro digital<\/strong><\/h4>\n\n\n\n<ul>\n<li>A boa not\u00edcia \u00e9 que a <strong><a href=\"https:\/\/www.supersoft.com.br\/\">SuperSoft<\/a> j\u00e1 est\u00e1 preparada para essa mudan\u00e7a<\/strong> e oferece as atualiza\u00e7\u00f5es necess\u00e1rias para garantir conformidade com a MP;<\/li>\n\n\n\n<li>Acesse o passo a passo completo de como cadastrar os empr\u00e9stimos consignados diretamente no <a href=\"https:\/\/www.supersoft.com.br\/\">sistema da folha<\/a>:<\/li>\n<\/ul>\n\n\n\n<p>\ud83d\udc49 <strong><a class=\"\" href=\"https:\/\/autoatendimento.grupoallegus.com.br\/books\/folha-de-pagamento\/page\/cadastro-de-emprestimo-econsignado-medida-provisoria-n-1292-de-2025#bkmrk-trabalhadores-com-em\">Clique aqui para acessar o tutorial da SuperSoft<\/a><\/strong><\/p>\n\n\n\n<h4 class=\"wp-block-heading\">\u2705 5. <strong>Aten\u00e7\u00e3o \u00e0 responsabilidade do empregador<\/strong><\/h4>\n\n\n\n<ul>\n<li>A MP refor\u00e7a que o <strong>empregador pode ser responsabilizado judicialmente<\/strong> por descontos indevidos ou sem autoriza\u00e7\u00e3o;<\/li>\n\n\n\n<li>Oriente o cliente sobre a import\u00e2ncia de documentar todo o processo.<\/li>\n<\/ul>\n\n\n\n<hr class=\"wp-block-separator has-alpha-channel-opacity\"\/>\n\n\n\n<h3 class=\"wp-block-heading\"><strong>Conclus\u00e3o<\/strong><\/h3>\n\n\n\n<p>A MP n\u00ba 1.292\/2025 veio para padronizar e dar mais seguran\u00e7a ao processo de empr\u00e9stimos consignados na iniciativa privada. Para os contadores, isso significa <strong>mais controle, mais documenta\u00e7\u00e3o e mais aten\u00e7\u00e3o aos limites legais<\/strong>. Aproveite este momento para revisar os processos da folha de pagamento e garantir que tudo esteja em conformidade com a nova legisla\u00e7\u00e3o.<\/p>\n\n\n\n<p><strong>Fique atento \u00e0s pr\u00f3ximas atualiza\u00e7\u00f5es do <a href=\"https:\/\/www.supersoft.com.br\/\">sistema<\/a> e mantenha sua empresa ou seus clientes em dia com a lei!<\/strong><\/p>\n","protected":false},"excerpt":{"rendered":"<p>No in\u00edcio de abril, o Governo Federal publicou a Medida Provis\u00f3ria n\u00ba 1.292\/2025, trazendo mudan\u00e7as importantes sobre o cadastro de empr\u00e9stimos consignados para empregados da &hellip; <\/p>\n","protected":false},"author":3,"featured_media":781,"comment_status":"open","ping_status":"open","sticky":false,"template":"","format":"standard","meta":{"_monsterinsights_skip_tracking":false,"_monsterinsights_sitenote_active":false,"_monsterinsights_sitenote_note":"","_monsterinsights_sitenote_category":0,"footnotes":""},"categories":[1],"tags":[],"_links":{"self":[{"href":"https:\/\/blog.supersoft.com.br\/index.php\/wp-json\/wp\/v2\/posts\/780"}],"collection":[{"href":"https:\/\/blog.supersoft.com.br\/index.php\/wp-json\/wp\/v2\/posts"}],"about":[{"href":"https:\/\/blog.supersoft.com.br\/index.php\/wp-json\/wp\/v2\/types\/post"}],"author":[{"embeddable":true,"href":"https:\/\/blog.supersoft.com.br\/index.php\/wp-json\/wp\/v2\/users\/3"}],"replies":[{"embeddable":true,"href":"https:\/\/blog.supersoft.com.br\/index.php\/wp-json\/wp\/v2\/comments?post=780"}],"version-history":[{"count":1,"href":"https:\/\/blog.supersoft.com.br\/index.php\/wp-json\/wp\/v2\/posts\/780\/revisions"}],"predecessor-version":[{"id":782,"href":"https:\/\/blog.supersoft.com.br\/index.php\/wp-json\/wp\/v2\/posts\/780\/revisions\/782"}],"wp:featuredmedia":[{"embeddable":true,"href":"https:\/\/blog.supersoft.com.br\/index.php\/wp-json\/wp\/v2\/media\/781"}],"wp:attachment":[{"href":"https:\/\/blog.supersoft.com.br\/index.php\/wp-json\/wp\/v2\/media?parent=780"}],"wp:term":[{"taxonomy":"category","embeddable":true,"href":"https:\/\/blog.supersoft.com.br\/index.php\/wp-json\/wp\/v2\/categories?post=780"},{"taxonomy":"post_tag","embeddable":true,"href":"https:\/\/blog.supersoft.com.br\/index.php\/wp-json\/wp\/v2\/tags?post=780"}],"curies":[{"name":"wp","href":"https:\/\/api.w.org\/{rel}","templated":true}]}}